{"id":2191,"date":"2023-10-02T17:58:02","date_gmt":"2023-10-02T15:58:02","guid":{"rendered":"https:\/\/iirc.uek.krakow.pl\/ki\/?p=2191"},"modified":"2023-10-02T18:00:58","modified_gmt":"2023-10-02T16:00:58","slug":"wizyta-prof-tetiany-vakaliuk-z-politechniki-zytomierskiej","status":"publish","type":"post","link":"https:\/\/iirc.uek.krakow.pl\/ki\/blog\/2023\/10\/02\/wizyta-prof-tetiany-vakaliuk-z-politechniki-zytomierskiej\/","title":{"rendered":"Wizyta prof. Tetiany Vakaliuk z Politechniki \u017bytomierskiej"},"content":{"rendered":"\n<p>Na pocz\u0105tku wrze\u015bnia 2023 roku go\u015bci\u0142a w naszej Katedrze Pani Profesor Tetiana Anatoliivna Vakaliuk z Politechniki \u017bytomierskiej na Ukrainie, w ramach podpisanej w bie\u017c\u0105cym roku umowy o wsp\u00f3\u0142pracy pomi\u0119dzy naszymi uczelniami.<\/p>\n\n\n\n<div style=\"height:22px\" aria-hidden=\"true\" class=\"wp-block-spacer\"><\/div>\n\n\n\n<figure class=\"wp-block-image size-large\"><img fetchpriority=\"high\" decoding=\"async\" width=\"1024\" height=\"683\" src=\"https:\/\/iirc.uek.krakow.pl\/ki\/wp-content\/uploads\/sites\/5\/2023\/10\/IMG_3727-1024x683.jpg\" alt=\"\" class=\"wp-image-2193\" srcset=\"https:\/\/iirc.uek.krakow.pl\/ki\/wp-content\/uploads\/sites\/5\/2023\/10\/IMG_3727-1024x683.jpg 1024w, https:\/\/iirc.uek.krakow.pl\/ki\/wp-content\/uploads\/sites\/5\/2023\/10\/IMG_3727-300x200.jpg 300w, https:\/\/iirc.uek.krakow.pl\/ki\/wp-content\/uploads\/sites\/5\/2023\/10\/IMG_3727-768x512.jpg 768w, https:\/\/iirc.uek.krakow.pl\/ki\/wp-content\/uploads\/sites\/5\/2023\/10\/IMG_3727-1536x1024.jpg 1536w, https:\/\/iirc.uek.krakow.pl\/ki\/wp-content\/uploads\/sites\/5\/2023\/10\/IMG_3727-2048x1365.jpg 2048w, https:\/\/iirc.uek.krakow.pl\/ki\/wp-content\/uploads\/sites\/5\/2023\/10\/IMG_3727-1140x760.jpg 1140w\" sizes=\"(max-width: 1024px) 100vw, 1024px\" \/><\/figure>\n\n\n\n<p>Od lewej: dr hab. Gra\u017cyna Paliwoda-P\u0119kosz, prof. UEK, Svitlana Didkivska, Doktorantka UEK, prof. Tetiana Anatoliivna Vakaliuk. Fot. W\u0142adys\u0142aw Mostowicz.<\/p>\n\n\n\n<div style=\"height:16px\" aria-hidden=\"true\" class=\"wp-block-spacer\"><\/div>\n\n\n\n<p>W trakcie wizyty przedyskutowano mo\u017cliwo\u015bci prowadzenia dalszych wsp\u00f3lnych bada\u0144 w obszarze zastosowa\u0144 ICT w edukacji i publikowania ich wynik\u00f3w. Pani dr hab. Gra\u017cyna Paliwoda-P\u0119kosz zosta\u0142a zaproszona do redakcji czasopisma &#8222;<a href=\"https:\/\/acnsci.org\/journal\/index.php\/jec\/index\">Journal of Edge Computing<\/a>&#8221; oraz do komitetu programowego seminarium &#8222;Edge Computing Workshop&#8221;.<\/p>\n\n\n\n<div style=\"height:19px\" aria-hidden=\"true\" class=\"wp-block-spacer\"><\/div>\n\n\n\n<figure class=\"wp-block-image size-large\"><img decoding=\"async\" width=\"1024\" height=\"682\" src=\"https:\/\/iirc.uek.krakow.pl\/ki\/wp-content\/uploads\/sites\/5\/2023\/10\/IMG_3614-1024x682.jpg\" alt=\"\" class=\"wp-image-2199\" srcset=\"https:\/\/iirc.uek.krakow.pl\/ki\/wp-content\/uploads\/sites\/5\/2023\/10\/IMG_3614-1024x682.jpg 1024w, https:\/\/iirc.uek.krakow.pl\/ki\/wp-content\/uploads\/sites\/5\/2023\/10\/IMG_3614-300x200.jpg 300w, https:\/\/iirc.uek.krakow.pl\/ki\/wp-content\/uploads\/sites\/5\/2023\/10\/IMG_3614-768x512.jpg 768w, https:\/\/iirc.uek.krakow.pl\/ki\/wp-content\/uploads\/sites\/5\/2023\/10\/IMG_3614-1536x1024.jpg 1536w, https:\/\/iirc.uek.krakow.pl\/ki\/wp-content\/uploads\/sites\/5\/2023\/10\/IMG_3614-2048x1365.jpg 2048w, https:\/\/iirc.uek.krakow.pl\/ki\/wp-content\/uploads\/sites\/5\/2023\/10\/IMG_3614-1140x760.jpg 1140w\" sizes=\"(max-width: 1024px) 100vw, 1024px\" \/><\/figure>\n","protected":false},"excerpt":{"rendered":"<p>Na pocz\u0105tku wrze\u015bnia 2023 roku go\u015bci\u0142a w naszej Katedrze Pani Profesor Tetiana Anatoliivna Vakaliuk z Politechniki \u017bytomierskiej na Ukrainie, w ramach podpisanej w bie\u017c\u0105cym roku umowy o wsp\u00f3\u0142pracy pomi\u0119dzy naszymi uczelniami. Od lewej: dr hab. Gra\u017cyna Paliwoda-P\u0119kosz, prof. UEK, Svitlana Didkivska, Doktorantka UEK, prof. Tetiana Anatoliivna Vakaliuk. Fot. W\u0142adys\u0142aw Mostowicz. W trakcie wizyty przedyskutowano mo\u017cliwo\u015bci prowadzenia dalszych wsp\u00f3lnych bada\u0144 w obszarze zastosowa\u0144 ICT w edukacji i publikowania ich wynik\u00f3w. Pani dr hab. Gra\u017cyna Paliwoda-P\u0119kosz zosta\u0142a zaproszona do redakcji czasopisma &#8222;Journal of Edge Computing&#8221; oraz do komitetu programowego seminarium &#8222;Edge Computing Workshop&#8221;.<\/p>\n","protected":false},"author":7,"featured_media":2197,"comment_status":"closed","ping_status":"closed","sticky":false,"template":"","format":"standard","meta":{"footnotes":""},"categories":[1],"tags":[],"class_list":["post-2191","post","type-post","status-publish","format-standard","has-post-thumbnail","hentry","category-aktualnosci"],"_links":{"self":[{"href":"https:\/\/iirc.uek.krakow.pl\/ki\/wp-json\/wp\/v2\/posts\/2191","targetHints":{"allow":["GET"]}}],"collection":[{"href":"https:\/\/iirc.uek.krakow.pl\/ki\/wp-json\/wp\/v2\/posts"}],"about":[{"href":"https:\/\/iirc.uek.krakow.pl\/ki\/wp-json\/wp\/v2\/types\/post"}],"author":[{"embeddable":true,"href":"https:\/\/iirc.uek.krakow.pl\/ki\/wp-json\/wp\/v2\/users\/7"}],"replies":[{"embeddable":true,"href":"https:\/\/iirc.uek.krakow.pl\/ki\/wp-json\/wp\/v2\/comments?post=2191"}],"version-history":[{"count":4,"href":"https:\/\/iirc.uek.krakow.pl\/ki\/wp-json\/wp\/v2\/posts\/2191\/revisions"}],"predecessor-version":[{"id":2200,"href":"https:\/\/iirc.uek.krakow.pl\/ki\/wp-json\/wp\/v2\/posts\/2191\/revisions\/2200"}],"wp:featuredmedia":[{"embeddable":true,"href":"https:\/\/iirc.uek.krakow.pl\/ki\/wp-json\/wp\/v2\/media\/2197"}],"wp:attachment":[{"href":"https:\/\/iirc.uek.krakow.pl\/ki\/wp-json\/wp\/v2\/media?parent=2191"}],"wp:term":[{"taxonomy":"category","embeddable":true,"href":"https:\/\/iirc.uek.krakow.pl\/ki\/wp-json\/wp\/v2\/categories?post=2191"},{"taxonomy":"post_tag","embeddable":true,"href":"https:\/\/iirc.uek.krakow.pl\/ki\/wp-json\/wp\/v2\/tags?post=2191"}],"curies":[{"name":"wp","href":"https:\/\/api.w.org\/{rel}","templated":true}]}}