{"id":2296,"date":"2024-01-08T20:02:48","date_gmt":"2024-01-08T19:02:48","guid":{"rendered":"https:\/\/iirc.uek.krakow.pl\/ki\/?p=2296"},"modified":"2024-01-08T20:04:09","modified_gmt":"2024-01-08T19:04:09","slug":"spotkanie-podsumowujace-projekt-icam","status":"publish","type":"post","link":"https:\/\/iirc.uek.krakow.pl\/ki\/blog\/2024\/01\/08\/spotkanie-podsumowujace-projekt-icam\/","title":{"rendered":"Spotkanie podsumowuj\u0105ce projekt ICAM"},"content":{"rendered":"\n<p>W dniach 19-20 grudnia 2023 odby\u0142o si\u0119 spotkanie podsumowuj\u0105ce <a href=\"https:\/\/icam.uek.krakow.pl\/\">projekt ICAM<\/a>. Go\u015bcili\u015bmy przedstawicieli <a href=\"https:\/\/www.usn.no\/english\/\">University of South-Eastern Norway<\/a>. W trakcie spotkania omawiano tak\u017ce plany na przysz\u0142o\u015b\u0107 &#8211; perspektywy ubiegania si\u0119 wsp\u00f3lnie o kolejne projekty.\u00a0<\/p>\n\n\n\n<div style=\"height:44px\" aria-hidden=\"true\" class=\"wp-block-spacer\"><\/div>\n\n\n\n<figure class=\"wp-block-image size-large\"><img fetchpriority=\"high\" decoding=\"async\" width=\"1024\" height=\"262\" src=\"https:\/\/iirc.uek.krakow.pl\/ki\/wp-content\/uploads\/sites\/5\/2023\/10\/icam4-1024x262.png\" alt=\"\" class=\"wp-image-2221\" srcset=\"https:\/\/iirc.uek.krakow.pl\/ki\/wp-content\/uploads\/sites\/5\/2023\/10\/icam4-1024x262.png 1024w, https:\/\/iirc.uek.krakow.pl\/ki\/wp-content\/uploads\/sites\/5\/2023\/10\/icam4-300x77.png 300w, https:\/\/iirc.uek.krakow.pl\/ki\/wp-content\/uploads\/sites\/5\/2023\/10\/icam4-768x197.png 768w, https:\/\/iirc.uek.krakow.pl\/ki\/wp-content\/uploads\/sites\/5\/2023\/10\/icam4-1140x292.png 1140w, https:\/\/iirc.uek.krakow.pl\/ki\/wp-content\/uploads\/sites\/5\/2023\/10\/icam4.png 1436w\" sizes=\"(max-width: 1024px) 100vw, 1024px\" \/><\/figure>\n\n\n\n<div style=\"height:45px\" aria-hidden=\"true\" class=\"wp-block-spacer\"><\/div>\n\n\n\n<p>Artyku\u0142y na temat konferencji rozpowszechniaj\u0105cych\u00a0projekt ICAM, kt\u00f3re\u00a0odby\u0142y\u00a0si\u0119 w Oslo (3.03.2023)\u00a0i Krakowie (12.10.2023) zosta\u0142y opublikowane w Kurierze UEK: <a href=\"https:\/\/issuu.com\/uek_krakow\/docs\/kurier_nr_96_wiosna_2faf323ebb2598\/34\" target=\"_blank\" rel=\"noreferrer noopener\"><u>Kurier UEK nr 96 wiosna 2023, p.34-35<\/u><\/a>, <a href=\"https:\/\/issuu.com\/uek_krakow\/docs\/kurier_nr_98_jesie_2023\/46\" target=\"_blank\" rel=\"noreferrer noopener\"><u>Kurier UEK nr 98 jesie\u0144 2023, p.46-47<\/u><\/a>.<\/p>\n\n\n\n<p><\/p>\n","protected":false},"excerpt":{"rendered":"<p>W dniach 19-20 grudnia 2023 odby\u0142o si\u0119 spotkanie podsumowuj\u0105ce projekt ICAM. Go\u015bcili\u015bmy przedstawicieli University of South-Eastern Norway. W trakcie spotkania omawiano tak\u017ce plany na przysz\u0142o\u015b\u0107 &#8211; perspektywy ubiegania si\u0119 wsp\u00f3lnie o kolejne projekty.\u00a0 Artyku\u0142y na temat konferencji rozpowszechniaj\u0105cych\u00a0projekt ICAM, kt\u00f3re\u00a0odby\u0142y\u00a0si\u0119 w Oslo (3.03.2023)\u00a0i Krakowie (12.10.2023) zosta\u0142y opublikowane w Kurierze UEK: Kurier UEK nr 96 wiosna 2023, p.34-35, Kurier UEK nr 98 jesie\u0144 2023, p.46-47.<\/p>\n","protected":false},"author":7,"featured_media":2297,"comment_status":"closed","ping_status":"closed","sticky":false,"template":"","format":"standard","meta":{"footnotes":""},"categories":[1],"tags":[],"class_list":["post-2296","post","type-post","status-publish","format-standard","has-post-thumbnail","hentry","category-aktualnosci"],"_links":{"self":[{"href":"https:\/\/iirc.uek.krakow.pl\/ki\/wp-json\/wp\/v2\/posts\/2296","targetHints":{"allow":["GET"]}}],"collection":[{"href":"https:\/\/iirc.uek.krakow.pl\/ki\/wp-json\/wp\/v2\/posts"}],"about":[{"href":"https:\/\/iirc.uek.krakow.pl\/ki\/wp-json\/wp\/v2\/types\/post"}],"author":[{"embeddable":true,"href":"https:\/\/iirc.uek.krakow.pl\/ki\/wp-json\/wp\/v2\/users\/7"}],"replies":[{"embeddable":true,"href":"https:\/\/iirc.uek.krakow.pl\/ki\/wp-json\/wp\/v2\/comments?post=2296"}],"version-history":[{"count":2,"href":"https:\/\/iirc.uek.krakow.pl\/ki\/wp-json\/wp\/v2\/posts\/2296\/revisions"}],"predecessor-version":[{"id":2300,"href":"https:\/\/iirc.uek.krakow.pl\/ki\/wp-json\/wp\/v2\/posts\/2296\/revisions\/2300"}],"wp:featuredmedia":[{"embeddable":true,"href":"https:\/\/iirc.uek.krakow.pl\/ki\/wp-json\/wp\/v2\/media\/2297"}],"wp:attachment":[{"href":"https:\/\/iirc.uek.krakow.pl\/ki\/wp-json\/wp\/v2\/media?parent=2296"}],"wp:term":[{"taxonomy":"category","embeddable":true,"href":"https:\/\/iirc.uek.krakow.pl\/ki\/wp-json\/wp\/v2\/categories?post=2296"},{"taxonomy":"post_tag","embeddable":true,"href":"https:\/\/iirc.uek.krakow.pl\/ki\/wp-json\/wp\/v2\/tags?post=2296"}],"curies":[{"name":"wp","href":"https:\/\/api.w.org\/{rel}","templated":true}]}}