{"id":2318,"date":"2024-11-04T15:47:45","date_gmt":"2024-11-04T14:47:45","guid":{"rendered":"https:\/\/iirc.uek.krakow.pl\/ki\/?p=2318"},"modified":"2024-11-04T16:01:27","modified_gmt":"2024-11-04T15:01:27","slug":"zaangazowanie-katedry-informatyki-w-konferencji-isd-2024","status":"publish","type":"post","link":"https:\/\/iirc.uek.krakow.pl\/ki\/blog\/2024\/11\/04\/zaangazowanie-katedry-informatyki-w-konferencji-isd-2024\/","title":{"rendered":"Zaanga\u017cowanie Katedry Informatyki w konferencji ISD 2024"},"content":{"rendered":"\n<p>W dniach 26-28 sierpnia 2024 w Sopocie odby\u0142a si\u0119 mi\u0119dzynarodowa konferencja naukowa <a href=\"https:\/\/isd2024.ug.edu.pl\/\">The 32nd International Conference on Information Systems Development (ISD 2024)<\/a>. Temat wiod\u0105cy konferencji ISD 2024 to \u201cHarnessing Opportunities: Reshaping ISD in the post-COVID-19 and Generative AI Era\u201d.<\/p>\n\n\n\n<p>Pracownicy Katedry Informatyki UEK byli zaanga\u017cowani zar\u00f3wno w organizacj\u0119 konferencji, jak r\u00f3wnie\u017c jej aktywnymi uczestnikami.<\/p>\n\n\n\n<div style=\"height:22px\" aria-hidden=\"true\" class=\"wp-block-spacer\"><\/div>\n\n\n\n<figure class=\"wp-block-image size-large\"><img fetchpriority=\"high\" decoding=\"async\" width=\"1024\" height=\"576\" src=\"https:\/\/iirc.uek.krakow.pl\/ki\/wp-content\/uploads\/sites\/5\/2024\/11\/UG_CONF_2024-239-z-890-1024x576.jpg\" alt=\"\" class=\"wp-image-2321\" srcset=\"https:\/\/iirc.uek.krakow.pl\/ki\/wp-content\/uploads\/sites\/5\/2024\/11\/UG_CONF_2024-239-z-890-1024x576.jpg 1024w, https:\/\/iirc.uek.krakow.pl\/ki\/wp-content\/uploads\/sites\/5\/2024\/11\/UG_CONF_2024-239-z-890-300x169.jpg 300w, https:\/\/iirc.uek.krakow.pl\/ki\/wp-content\/uploads\/sites\/5\/2024\/11\/UG_CONF_2024-239-z-890-768x432.jpg 768w, https:\/\/iirc.uek.krakow.pl\/ki\/wp-content\/uploads\/sites\/5\/2024\/11\/UG_CONF_2024-239-z-890-1536x864.jpg 1536w, https:\/\/iirc.uek.krakow.pl\/ki\/wp-content\/uploads\/sites\/5\/2024\/11\/UG_CONF_2024-239-z-890-2048x1152.jpg 2048w, https:\/\/iirc.uek.krakow.pl\/ki\/wp-content\/uploads\/sites\/5\/2024\/11\/UG_CONF_2024-239-z-890-1140x641.jpg 1140w\" sizes=\"(max-width: 1024px) 100vw, 1024px\" \/><\/figure>\n\n\n\n<div style=\"height:22px\" aria-hidden=\"true\" class=\"wp-block-spacer\"><\/div>\n\n\n\n<p>Spo\u015br\u00f3d siedmiu \u015bcie\u017cek tematycznych konferencji (conference track), \u015bcie\u017cka pt. \u201eT7: New Topics in IS Development\u201d by\u0142a zorganizowana by\u0142a przez Piotra Soj\u0119 z Katedry Informatyki UEK wsp\u00f3lnie z prof. Marit\u0105 Kirikov\u0105 z Riga Technical University (\u0141otwa).<\/p>\n\n\n\n<p>W ramach konferencji zaprezentowano siedem artyku\u0142\u00f3w, kt\u00f3rych wsp\u00f3\u0142autorami byli pracownicy Katedry Informatyki. Do grupy wsp\u00f3\u0142autor\u00f3w artyku\u0142\u00f3w nale\u017c\u0105: Jakub Micha\u0144k\u00f3w, Janusz Morajda, Gra\u017cyna Paliwoda-P\u0119kosz, Piotr Soja oraz Janusz Stal. Wszystkie prezentowane artyku\u0142y otrzymuj\u0105 po 140 punkt\u00f3w wed\u0142ug obecnej punktacji MNiSW.<\/p>\n\n\n\n<p>Wi\u0119cej szczeg\u00f3\u0142\u00f3w w sekcji <a href=\"https:\/\/iirc.uek.krakow.pl\/ki\/konferencjeseminaria\/miedzynarodowa-konferencja-isd-2024\/\">KONFERENCJE<\/a>.<\/p>\n\n\n\n<p><\/p>\n","protected":false},"excerpt":{"rendered":"<p>W dniach 26-28 sierpnia 2024 w Sopocie odby\u0142a si\u0119 mi\u0119dzynarodowa konferencja naukowa The 32nd International Conference on Information Systems Development (ISD 2024). Temat wiod\u0105cy konferencji ISD 2024 to \u201cHarnessing Opportunities: Reshaping ISD in the post-COVID-19 and Generative AI Era\u201d. Pracownicy Katedry Informatyki UEK byli zaanga\u017cowani zar\u00f3wno w organizacj\u0119 konferencji, jak r\u00f3wnie\u017c jej aktywnymi uczestnikami. Spo\u015br\u00f3d siedmiu \u015bcie\u017cek tematycznych konferencji (conference track), \u015bcie\u017cka pt. \u201eT7: New Topics in IS Development\u201d by\u0142a zorganizowana by\u0142a przez Piotra Soj\u0119 z Katedry Informatyki UEK wsp\u00f3lnie z prof. Marit\u0105 Kirikov\u0105 z Riga Technical University (\u0141otwa). W ramach konferencji zaprezentowano siedem artyku\u0142\u00f3w, kt\u00f3rych wsp\u00f3\u0142autorami byli pracownicy Katedry Informatyki. Do grupy wsp\u00f3\u0142autor\u00f3w artyku\u0142\u00f3w nale\u017c\u0105: Jakub Micha\u0144k\u00f3w, Janusz Morajda, Gra\u017cyna Paliwoda-P\u0119kosz, Piotr Soja oraz Janusz Stal. Wszystkie prezentowane artyku\u0142y otrzymuj\u0105 po 140 punkt\u00f3w wed\u0142ug obecnej punktacji MNiSW. Wi\u0119cej szczeg\u00f3\u0142\u00f3w w sekcji KONFERENCJE.<\/p>\n","protected":false},"author":7,"featured_media":2322,"comment_status":"closed","ping_status":"closed","sticky":false,"template":"","format":"standard","meta":{"footnotes":""},"categories":[1],"tags":[],"class_list":["post-2318","post","type-post","status-publish","format-standard","has-post-thumbnail","hentry","category-aktualnosci"],"_links":{"self":[{"href":"https:\/\/iirc.uek.krakow.pl\/ki\/wp-json\/wp\/v2\/posts\/2318","targetHints":{"allow":["GET"]}}],"collection":[{"href":"https:\/\/iirc.uek.krakow.pl\/ki\/wp-json\/wp\/v2\/posts"}],"about":[{"href":"https:\/\/iirc.uek.krakow.pl\/ki\/wp-json\/wp\/v2\/types\/post"}],"author":[{"embeddable":true,"href":"https:\/\/iirc.uek.krakow.pl\/ki\/wp-json\/wp\/v2\/users\/7"}],"replies":[{"embeddable":true,"href":"https:\/\/iirc.uek.krakow.pl\/ki\/wp-json\/wp\/v2\/comments?post=2318"}],"version-history":[{"count":6,"href":"https:\/\/iirc.uek.krakow.pl\/ki\/wp-json\/wp\/v2\/posts\/2318\/revisions"}],"predecessor-version":[{"id":2328,"href":"https:\/\/iirc.uek.krakow.pl\/ki\/wp-json\/wp\/v2\/posts\/2318\/revisions\/2328"}],"wp:featuredmedia":[{"embeddable":true,"href":"https:\/\/iirc.uek.krakow.pl\/ki\/wp-json\/wp\/v2\/media\/2322"}],"wp:attachment":[{"href":"https:\/\/iirc.uek.krakow.pl\/ki\/wp-json\/wp\/v2\/media?parent=2318"}],"wp:term":[{"taxonomy":"category","embeddable":true,"href":"https:\/\/iirc.uek.krakow.pl\/ki\/wp-json\/wp\/v2\/categories?post=2318"},{"taxonomy":"post_tag","embeddable":true,"href":"https:\/\/iirc.uek.krakow.pl\/ki\/wp-json\/wp\/v2\/tags?post=2318"}],"curies":[{"name":"wp","href":"https:\/\/api.w.org\/{rel}","templated":true}]}}