{"id":2532,"date":"2024-12-11T21:48:46","date_gmt":"2024-12-11T20:48:46","guid":{"rendered":"https:\/\/iirc.uek.krakow.pl\/ki\/?p=2532"},"modified":"2024-12-11T21:55:38","modified_gmt":"2024-12-11T20:55:38","slug":"spotkanie-rozpoczynajace-projekt-enteef","status":"publish","type":"post","link":"https:\/\/iirc.uek.krakow.pl\/ki\/blog\/2024\/12\/11\/spotkanie-rozpoczynajace-projekt-enteef\/","title":{"rendered":"Spotkanie rozpoczynaj\u0105ce projekt ENTEEF"},"content":{"rendered":"\n<p>W dniach 18-19.11.2024 odby\u0142o si\u0119 spotkanie rozpoczynaj\u0105ce <a href=\"https:\/\/enteef.uek.krakow.pl\/\">projekt ENTEEF &#8211; Fostering Entrepreneurship through Freelancing<\/a>. Celem projektu jest poprawa kompetencji przedsi\u0119biorczych w\u015br\u00f3d student\u00f3w poprzez przygotowanie ich do pracy jako freelancerzy oraz promocja koncepcji uczenia si\u0119 przez ca\u0142e \u017cycie i mikrokwalifikacji.<\/p>\n\n\n\n<p>Listopadowe spotkanie projektowe w Krakowie zgromadzi\u0142o 15 przedstawicieli wszystkich uczelni partnerskich oraz cz\u0142onk\u00f3w zespo\u0142u projektowego z Katedry Informatyki i Katedry System\u00f3w Obliczeniowych Uniwersytetu Ekonomicznego w Krakowie.<\/p>\n\n\n\n<p>Pierwszy dzie\u0144 spotkania poprowadzi\u0142a Gra\u017cyna Paliwoda-P\u0119kosz, koordynator projektu. Program spotkania rozpocz\u0105\u0142 si\u0119 przem\u00f3wieniem otwieraj\u0105cym Paw\u0142a Luli, kierownika Katedry System\u00f3w Obliczeniowych, po kt\u00f3rym nast\u0105pi\u0142y prezentacje z uczelni partnerskich oraz dyskusja na temat zasad finansowania projektu przeprowadzona przez Sylwi\u0119 Krzy\u017cek-Libursk\u0105. W sesji popo\u0142udniowej koordynator projektu om\u00f3wi\u0142a og\u00f3lne zasady zarz\u0105dzania projektem, podzia\u0142 zada\u0144 i strategie rozpowszechniania.<\/p>\n\n\n\n<p>Drugiego dnia spotkania kierownik projektu w UEK, Dariusz Dymek, poprowadzi\u0142 sesj\u0119 robocz\u0105 maj\u0105c\u0105 na celu opracowanie ram dla wdro\u017cenia pakietu roboczego &#8222;Bogaty obraz globalnego rynku freelancer\u00f3w&#8221;. Podczas tej sesji uczestnicy om\u00f3wili planowane dzia\u0142ania, kt\u00f3re obejmuj\u0105 opracowanie metod gromadzenia i analizy danych (kierowane przez Uniwersytet Kragujevac), gromadzenie i analiz\u0119 danych (Uniwersytet Islamu w Indonezji) oraz por\u00f3wnanie Europy i Azji (Uniwersytet Kragujevac).<\/p>\n\n\n\n<p>Spotkaniu towarzyszy\u0142y aktywno\u015bci integracyjne, w tym zwiedzanie z przewodnikiem Starego Miasta w Krakowie i Zamku Kr\u00f3lewskiego na Wawelu. Pe\u0142na relacja ze spotkania wraz z galeri\u0105 zdj\u0119\u0107 jest dost\u0119pna <a href=\"https:\/\/enteef.uek.krakow.pl\/news-1\/\">na stronie projektu<\/a>.<\/p>\n\n\n\n<p><\/p>\n","protected":false},"excerpt":{"rendered":"<p>W dniach 18-19.11.2024 odby\u0142o si\u0119 spotkanie rozpoczynaj\u0105ce projekt ENTEEF &#8211; Fostering Entrepreneurship through Freelancing. Celem projektu jest poprawa kompetencji przedsi\u0119biorczych w\u015br\u00f3d student\u00f3w poprzez przygotowanie ich do pracy jako freelancerzy oraz promocja koncepcji uczenia si\u0119 przez ca\u0142e \u017cycie i mikrokwalifikacji. Listopadowe spotkanie projektowe w Krakowie zgromadzi\u0142o 15 przedstawicieli wszystkich uczelni partnerskich oraz cz\u0142onk\u00f3w zespo\u0142u projektowego z Katedry Informatyki i Katedry System\u00f3w Obliczeniowych Uniwersytetu Ekonomicznego w Krakowie. Pierwszy dzie\u0144 spotkania poprowadzi\u0142a Gra\u017cyna Paliwoda-P\u0119kosz, koordynator projektu. Program spotkania rozpocz\u0105\u0142 si\u0119 przem\u00f3wieniem otwieraj\u0105cym Paw\u0142a Luli, kierownika Katedry System\u00f3w Obliczeniowych, po kt\u00f3rym nast\u0105pi\u0142y prezentacje z uczelni partnerskich oraz dyskusja na temat zasad finansowania projektu przeprowadzona przez Sylwi\u0119 Krzy\u017cek-Libursk\u0105. W sesji popo\u0142udniowej koordynator projektu om\u00f3wi\u0142a og\u00f3lne zasady zarz\u0105dzania projektem, podzia\u0142 zada\u0144 i strategie rozpowszechniania. Drugiego dnia spotkania kierownik projektu w UEK, Dariusz Dymek, poprowadzi\u0142 sesj\u0119 robocz\u0105 maj\u0105c\u0105 na celu opracowanie ram dla wdro\u017cenia pakietu roboczego &#8222;Bogaty obraz globalnego rynku freelancer\u00f3w&#8221;. Podczas tej sesji uczestnicy om\u00f3wili planowane dzia\u0142ania, kt\u00f3re obejmuj\u0105 opracowanie metod gromadzenia i analizy danych (kierowane przez Uniwersytet Kragujevac), gromadzenie i analiz\u0119 danych (Uniwersytet Islamu w Indonezji) oraz por\u00f3wnanie Europy i Azji (Uniwersytet Kragujevac). Spotkaniu towarzyszy\u0142y aktywno\u015bci integracyjne, w tym zwiedzanie z przewodnikiem Starego Miasta w Krakowie i Zamku Kr\u00f3lewskiego na Wawelu. Pe\u0142na relacja ze spotkania wraz z galeri\u0105 zdj\u0119\u0107 jest dost\u0119pna na stronie projektu.<\/p>\n","protected":false},"author":7,"featured_media":2533,"comment_status":"closed","ping_status":"closed","sticky":false,"template":"","format":"standard","meta":{"footnotes":""},"categories":[1],"tags":[],"class_list":["post-2532","post","type-post","status-publish","format-standard","has-post-thumbnail","hentry","category-aktualnosci"],"_links":{"self":[{"href":"https:\/\/iirc.uek.krakow.pl\/ki\/wp-json\/wp\/v2\/posts\/2532","targetHints":{"allow":["GET"]}}],"collection":[{"href":"https:\/\/iirc.uek.krakow.pl\/ki\/wp-json\/wp\/v2\/posts"}],"about":[{"href":"https:\/\/iirc.uek.krakow.pl\/ki\/wp-json\/wp\/v2\/types\/post"}],"author":[{"embeddable":true,"href":"https:\/\/iirc.uek.krakow.pl\/ki\/wp-json\/wp\/v2\/users\/7"}],"replies":[{"embeddable":true,"href":"https:\/\/iirc.uek.krakow.pl\/ki\/wp-json\/wp\/v2\/comments?post=2532"}],"version-history":[{"count":2,"href":"https:\/\/iirc.uek.krakow.pl\/ki\/wp-json\/wp\/v2\/posts\/2532\/revisions"}],"predecessor-version":[{"id":2536,"href":"https:\/\/iirc.uek.krakow.pl\/ki\/wp-json\/wp\/v2\/posts\/2532\/revisions\/2536"}],"wp:featuredmedia":[{"embeddable":true,"href":"https:\/\/iirc.uek.krakow.pl\/ki\/wp-json\/wp\/v2\/media\/2533"}],"wp:attachment":[{"href":"https:\/\/iirc.uek.krakow.pl\/ki\/wp-json\/wp\/v2\/media?parent=2532"}],"wp:term":[{"taxonomy":"category","embeddable":true,"href":"https:\/\/iirc.uek.krakow.pl\/ki\/wp-json\/wp\/v2\/categories?post=2532"},{"taxonomy":"post_tag","embeddable":true,"href":"https:\/\/iirc.uek.krakow.pl\/ki\/wp-json\/wp\/v2\/tags?post=2532"}],"curies":[{"name":"wp","href":"https:\/\/api.w.org\/{rel}","templated":true}]}}